{"id":14540,"date":"2023-08-30T14:37:13","date_gmt":"2023-08-30T12:37:13","guid":{"rendered":"https:\/\/inteca.com\/?p=14540"},"modified":"2025-08-16T12:11:41","modified_gmt":"2025-08-16T10:11:41","slug":"jak-ksztaltowac-rozwoj-osobisty-i-zawodowy-w-branzy-it","status":"publish","type":"post","link":"https:\/\/inteca.com\/pl\/blog\/kariera\/jak-ksztaltowac-rozwoj-osobisty-i-zawodowy-w-branzy-it\/","title":{"rendered":"Jak kszta\u0142towa\u0107 rozw\u00f3j osobisty i zawodowy w bran\u017cy IT?"},"content":{"rendered":"<p>W ostatnim czasie rynek pracy w bran\u017cy IT jest jeszcze bardziej zmienny. Dynamika rozwoju technologii zmusza pracownik\u00f3w do ci\u0105g\u0142ego doskonalenia umiej\u0119tno\u015bci i zdobywania nowych kompetencji. Coraz cz\u0119\u015bciej stawiamy sobie pytanie: jak skutecznie kszta\u0142towa\u0107 rozw\u00f3j osobisty i zawodowy w tak zmiennym \u015brodowisku? Poni\u017cej kilka praktycznych wskaz\u00f3wek na temat skutecznego rozwoju kariery w IT.<\/p>\n<h2>Szybko zmieniaj\u0105cy si\u0119 rynek<\/h2>\n<p>O tym, jak znale\u017a\u0107 pierwsz\u0105 prac\u0119 w IT wspominali\u015bmy w naszym artykule Junior w IT, ale co gdy mam ju\u017c roczne, dwuletnie, trzyletnie do\u015bwiadczenie i zastanawiam si\u0119 nad rozwojem swojej kariery? Pierwszym problemem, z kt\u00f3rym spotykaj\u0105 si\u0119 aktualnie osoby pracuj\u0105ce w bran\u017cy IT, jest dynamika zmian, w ostatnim czasie zauwa\u017calne by\u0142o delikatne spowolnienie rynku i spadek liczby ofert na niekt\u00f3re ze stanowisk. Nowe technologie, j\u0119zyki programowania, frameworki czy metodyki pracy w wielu firmach si\u0119 r\u00f3\u017cni\u0105. Do tego dochodzi presja, aby by\u0107 na bie\u017c\u0105co z najnowszymi trendami i umiej\u0119tno\u015bciami. Jak wi\u0119c ugruntowa\u0107 swoj\u0105 pozycj\u0119 na rynku i kierowa\u0107 rozwojem \u015bcie\u017cki kariery? Oto kilka wskaz\u00f3wek:<\/p>\n<h2>Warto inwestowa\u0107 w rozw\u00f3j kompetencji mi\u0119kkich<\/h2>\n<p>W dzisiejszym dynamicznym \u015bwiecie biznesu nie wystarczy by\u0107 tylko ekspertem technicznym w swojej dziedzinie. Opr\u00f3cz technicznych umiej\u0119tno\u015bci tzw. &#8222;hard skills&#8221;, r\u00f3wnie wa\u017cne s\u0105 umiej\u0119tno\u015bci mi\u0119kkie, czyli &#8222;soft skills&#8221;. <a href=\"https:\/\/study.gov.pl\/news\/10-most-important-soft-skills-2020\">Badania przeprowadzone przez hh.ru i Microsoft<\/a> wskazuj\u0105 na najwa\u017cniejsze kompetencje mi\u0119kkie w bran\u017cy IT takie jak: systemowe, racjonalne my\u015blenie, elastyczny umys\u0142, dok\u0142adno\u015b\u0107, ci\u0105g\u0142e samokszta\u0142cenie i ch\u0119\u0107 dzielenia si\u0119 now\u0105 wiedz\u0105 ze wsp\u00f3\u0142pracownikami, umiej\u0119tno\u015b\u0107 pracy w zespole oraz bezkonfliktowe, projektowe my\u015blenie.\u00a0S\u0105 one fundamentem budowania trwa\u0142ych relacji, efektywnego zarz\u0105dzania zespo\u0142em czy skutecznego negocjowania. Maj\u0105c te umiej\u0119tno\u015bci, mo\u017cesz nie tylko doskonali\u0107 swoj\u0105 karier\u0119, ale r\u00f3wnie\u017c wzbogaca\u0107 \u015brodowisko pracy swoj\u0105 postaw\u0105 i podej\u015bciem.<\/p>\n<h3>Autorefleksja i feedback<\/h3>\n<p>Niezale\u017cnie od tego, jak do\u015bwiadczony jeste\u015b w swojej bran\u017cy, zawsze jest miejsce na rozw\u00f3j. Autorefleksja pozwala zrozumie\u0107 swoje mocne strony i obszary wymagaj\u0105ce pracy. Feedback od innych, zar\u00f3wno pochwa\u0142y, jak i konstruktywne krytyki, dostarcza cennych wskaz\u00f3wek dotycz\u0105cych Twojego dzia\u0142ania. W\u0142\u0105czaj\u0105c te narz\u0119dzia do swojej rutyny zawodowej, nie tylko poprawiasz swoje kompetencje, ale r\u00f3wnie\u017c budujesz atmosfer\u0119 otwarto\u015bci i wzajemnego szacunku w miejscu pracy.<\/p>\n<h2>Systematyczne uczenie si\u0119<\/h2>\n<p>Zacznijmy od pierwszego wyzwania &#8211; dynamiki zmian. Rozwi\u0105zaniem tego problemu jest systematyczne uczenie si\u0119. Nie oznacza to jednak, \u017ce musimy po\u015bwi\u0119ca\u0107 ka\u017cd\u0105 woln\u0105 chwil\u0119 na nauk\u0119. Kluczowe jest tutaj znalezienie r\u00f3wnowagi i stworzenie planu, kt\u00f3ry pozwoli na regularne zdobywanie nowych umiej\u0119tno\u015bci, ale nie b\u0119dzie zbyt obci\u0105\u017caj\u0105cy. Warto r\u00f3wnie\u017c zaobserwowa\u0107 r\u00f3\u017cne firmy technologiczne na LinkedIn, aby \u015bledzi\u0107 na bie\u017c\u0105co wszystkie nowo\u015bci.<\/p>\n<h3>Adaptacja do zmian<\/h3>\n<p>Adaptacja do zmian to kolejny kluczowy aspekt rozwoju zawodowego w IT. Zamiast pr\u00f3bowa\u0107 \u015bledzi\u0107 ka\u017cdy nowy trend, skup si\u0119 na kilku technologiach, kt\u00f3re s\u0105 istotne dla Twojego obszaru ekspertyzy lub kt\u00f3re s\u0105 najbardziej obiecuj\u0105ce dla Twojej przysz\u0142ej kariery. Dzi\u0119ki temu unikniesz poczucia przyt\u0142oczenia ilo\u015bci\u0105 nowych informacji. Nie b\u00f3j si\u0119 zmiany projektu, uczestniczenie w wielu projektach da Ci mo\u017cliwo\u015b\u0107 rozsze\u017cenia wiedzy w konkretnej technologii.<\/p>\n<h2>Budowanie sieci kontakt\u00f3w w \u015brodowisku wirtualnym<\/h2>\n<p>Jednym z najwa\u017cniejszych aspekt\u00f3w rozwoju zawodowego, cz\u0119sto pomijanym przez specjalist\u00f3w IT, jest budowanie sieci kontakt\u00f3w, czyli networking. W dobie digitalizacji i pracy zdalnej, tworzenie trwa\u0142ych relacji zawodowych sta\u0142o si\u0119 bardziej dost\u0119pne ni\u017c kiedykolwiek wcze\u015bniej. Wystarczy kilka klikni\u0119\u0107, by nawi\u0105za\u0107 kontakt z ekspertem z drugiego ko\u0144ca \u015bwiata. Dzi\u0119ki narz\u0119dziom do komunikacji online Twoja sie\u0107 kontakt\u00f3w mo\u017ce rosn\u0105\u0107 niezale\u017cnie od odleg\u0142o\u015bci geograficznych, oferuj\u0105c nieocenione \u017ar\u00f3d\u0142o wiedzy, wsparcie oraz otwieraj\u0105c drzwi do nowych mo\u017cliwo\u015bci zawodowych.<\/p>\n<h3>Uczestnictwo w konferencjach i wydarzeniach bran\u017cowych<\/h3>\n<p>Konferencje i wydarzenia bran\u017cowe to nie tylko prelekcje czy warsztaty. To przede wszystkim miejsce, gdzie profesjonali\u015bci spotykaj\u0105 si\u0119, by wymienia\u0107 si\u0119 do\u015bwiadczeniami, tworzy\u0107 nowe partnerstwa czy po prostu rozmawia\u0107 o pasjach. Nawet je\u015bli uczestniczysz w nich zdalnie, technologia VR czy platformy streamingowe oferuj\u0105 interaktywne do\u015bwiadczenia, zbli\u017caj\u0105c uczestnik\u00f3w do rzeczywisto\u015bci konferencji &#8222;na \u017cywo&#8221;.<\/p>\n<h3>Aktywno\u015b\u0107 w mediach spo\u0142eczno\u015bciowych i forach internetowych<\/h3>\n<p>W \u015bwiecie cyfrowym twoja obecno\u015b\u0107 online m\u00f3wi wiele o Twojej roli jako specjalisty IT. Media spo\u0142eczno\u015bciowe, w szczeg\u00f3lno\u015bci platformy takie jak LinkedIn, staj\u0105 si\u0119 Twoj\u0105 wizyt\u00f3wk\u0105 w \u015brodowisku profesjonalist\u00f3w. Regularne udzielanie si\u0119, dzielenie si\u0119 warto\u015bciowymi tre\u015bciami i aktywny udzia\u0142 w dyskusjach w grupach tematycznych, to nie tylko spos\u00f3b na rozszerzenie sieci kontakt\u00f3w, ale tak\u017ce na pokazanie swojego autorytetu w danej dziedzinie.<\/p>\n<h2>Certyfikacje i kursy online<\/h2>\n<p>W \u015bwiecie IT, gdzie technologia rozwija si\u0119 z niezwyk\u0142\u0105 pr\u0119dko\u015bci\u0105, certyfikacje i kursy online stanowi\u0105 istotn\u0105 cz\u0119\u015b\u0107 procesu edukacyjnego. To nie tylko spos\u00f3b na pog\u0142\u0119bienie swojej wiedzy, ale r\u00f3wnie\u017c szansa na zdobycie praktycznych umiej\u0119tno\u015bci w konkretnych narz\u0119dziach czy technologiach.<\/p>\n<h3>Korzy\u015bci z certyfikacji<\/h3>\n<p>Certyfikacje IT s\u0105 uznawane w ca\u0142ym \u015bwiecie i s\u0105 dowodem na twoje umiej\u0119tno\u015bci i do\u015bwiadczenie. Mog\u0105 one poprawi\u0107 twoje szanse na awans lub zdobycie nowej, lepszej pracy. Certyfikaty s\u0105 szczeg\u00f3lnie cenne w obszarach, kt\u00f3re s\u0105 aktualnie na topie, takich jak cloud computing, cyberbezpiecze\u0144stwo czy data science.<\/p>\n<h3>Kursy online<\/h3>\n<p>Posiadanie certyfikat\u00f3w w dziedzinie IT to nie tylko dow\u00f3d Twojego zaanga\u017cowania i kompetencji, ale r\u00f3wnie\u017c przewaga konkurencyjna na rynku pracy. Dla pracodawc\u00f3w jest to gwarancja, \u017ce posiadasz aktualne umiej\u0119tno\u015bci i jeste\u015b gotowy do podejmowania nowych wyzwa\u0144. Certyfikacje z najbardziej po\u017c\u0105danych obszar\u00f3w, takich jak analiza danych, bezpiecze\u0144stwo czy rozw\u00f3j aplikacji, mog\u0105 znacz\u0105co podnie\u015b\u0107 Twoj\u0105 warto\u015b\u0107 na rynku.<\/p>\n<h2>Rola mentora<\/h2>\n<p>Mentor to nie tylko ekspert w danej dziedzinie, ale tak\u017ce przewodnik, kt\u00f3ry pomaga odkrywa\u0107 nieznane zak\u0105tki \u015bwiata zawodowego. Dzi\u0119ki swojemu bogatemu do\u015bwiadczeniu mo\u017ce wskaza\u0107 pu\u0142apki i skr\u00f3ty na drodze do sukcesu. Jego rola polega nie tylko na przekazywaniu wiedzy, ale r\u00f3wnie\u017c na inspirowaniu, motywowaniu i budowaniu pewno\u015bci siebie w protegowanym. Dobry mentor nie daje gotowych rozwi\u0105za\u0144, ale uczy, jak samodzielnie je znale\u017a\u0107.<\/p>\n<h3>Poszukiwanie mentora<\/h3>\n<p>Poszukiwanie mentora mo\u017ce by\u0107 wyzwaniem, ale jednocze\u015bnie jest inwestycj\u0105 w przysz\u0142o\u015b\u0107. Warto rozpocz\u0105\u0107 od analizy swojego otoczenia zawodowego &#8211; by\u0107 mo\u017ce w Twojej firmie jest kto\u015b, kogo podziwiasz i chcia\u0142by\u015b, aby zosta\u0142 Twoim mentorem. Je\u017celi jeste\u015b pocz\u0105tkuj\u0105cym, dobrym miejscem na znalezienie mentora mo\u017ce by\u0107 uczelnia, by\u0107 mo\u017ce masz znajomo\u015bci w\u015br\u00f3d starszych rocznik\u00f3w? Mentorem staje si\u0119 osoba maj\u0105ca wi\u0119ksze do\u015bwiadczenie, osoba, kt\u00f3ra jest ch\u0119tna do przekazywania wiedzy, rozmowy na skomplikowane tematy i po\u015bwi\u0119cenie czasu. Relacja mentora z mentee jest bliska, nie polega na podawaniu gotowych rozwi\u0105za\u0144, ale wzajemnej wymianie do\u015bwiadcze\u0144, dzi\u0119ki czemu mentee uzyskuje wsparcie w rozwoju zawodowym.<\/p>\n<h2>Podsumowanie<\/h2>\n<p>Rozw\u00f3j osobisty i zawodowy w bran\u017cy IT to z\u0142o\u017cony proces, kt\u00f3ry wymaga zaanga\u017cowania, planowania i dostosowania. Inwestycja w rozw\u00f3j kompetencji mi\u0119kkich, systematyka, zdobywanie certyfikat\u00f3w, korzystanie z kurs\u00f3w online, a tak\u017ce budowanie relacji z mentorem, mo\u017ce przyczyni\u0107 si\u0119 do Twojego sukcesu zawodowego. Bez wzgl\u0119du na to, kt\u00f3r\u0105 \u015bcie\u017ck\u0119 wybierzesz, pami\u0119taj, \u017ce rozw\u00f3j to proces ci\u0105g\u0142y, a kluczem jest elastyczno\u015b\u0107 i gotowo\u015b\u0107 do nauki. Bran\u017ca IT jest pe\u0142na mo\u017cliwo\u015bci &#8211; wszystko, co musisz zrobi\u0107, to skorzysta\u0107 z nich.<\/p>\n","protected":false},"excerpt":{"rendered":"<p>W ostatnim czasie rynek pracy w bran\u017cy IT jest jeszcze bardziej zmienny. Dynamika rozwoju technologii zmusza pracownik\u00f3w do ci\u0105g\u0142ego doskonalenia umiej\u0119tno\u015bci i zdobywania nowych kompetencji. Coraz cz\u0119\u015bciej stawiamy sobie pytanie: jak skutecznie kszta\u0142towa\u0107 rozw\u00f3j osobisty i zawodowy w tak zmiennym \u015brodowisku? Poni\u017cej kilka praktycznych wskaz\u00f3wek na temat skutecznego rozwoju kariery w IT. Szybko zmieniaj\u0105cy si\u0119&#8230;<\/p>\n","protected":false},"author":17,"featured_media":0,"comment_status":"open","ping_status":"open","sticky":false,"template":"","format":"standard","meta":{"_acf_changed":false,"qubely_global_settings":"","qubely_interactions":"","_kad_blocks_custom_css":"","_kad_blocks_head_custom_js":"","_kad_blocks_body_custom_js":"","_kad_blocks_footer_custom_js":"","_kadence_starter_templates_imported_post":false,"_kad_post_transparent":"","_kad_post_title":"","_kad_post_layout":"","_kad_post_sidebar_id":"","_kad_post_content_style":"","_kad_post_vertical_padding":"","_kad_post_feature":"","_kad_post_feature_position":"","_kad_post_header":false,"_kad_post_footer":false,"_kad_post_classname":"","footnotes":""},"categories":[366],"tags":[],"post_folder":[],"class_list":["post-14540","post","type-post","status-publish","format-standard","hentry","category-kariera"],"acf":[],"aioseo_notices":[],"qubely_featured_image_url":null,"qubely_author":{"display_name":"Karolina Konigsman","author_link":"https:\/\/inteca.com\/pl\/blog\/author\/karolina-konigsman\/"},"qubely_comment":0,"qubely_category":"<a href=\"https:\/\/inteca.com\/pl\/blog\/category\/kariera\/\" rel=\"category tag\">Kariera<\/a>","qubely_excerpt":"W ostatnim czasie rynek pracy w bran\u017cy IT jest jeszcze bardziej zmienny. Dynamika rozwoju technologii zmusza pracownik\u00f3w do ci\u0105g\u0142ego doskonalenia umiej\u0119tno\u015bci i zdobywania nowych kompetencji. Coraz cz\u0119\u015bciej stawiamy sobie pytanie: jak skutecznie kszta\u0142towa\u0107 rozw\u00f3j osobisty i zawodowy w tak zmiennym \u015brodowisku? Poni\u017cej kilka praktycznych wskaz\u00f3wek na temat skutecznego rozwoju kariery w IT. Szybko zmieniaj\u0105cy si\u0119...","taxonomy_info":{"category":[{"value":366,"label":"Kariera"}]},"featured_image_src_large":false,"author_info":{"display_name":"Karolina Konigsman","author_link":"https:\/\/inteca.com\/pl\/blog\/author\/karolina-konigsman\/"},"comment_info":0,"category_info":[{"term_id":366,"name":"Kariera","slug":"kariera","term_group":0,"term_taxonomy_id":366,"taxonomy":"category","description":"Blogi o tematyce pracy w IT i rozwijaniu umiej\u0119tno\u015bci niezb\u0119dnych do pracy w tej bran\u017cy. ","parent":0,"count":15,"filter":"raw","cat_ID":366,"category_count":15,"category_description":"Blogi o tematyce pracy w IT i rozwijaniu umiej\u0119tno\u015bci niezb\u0119dnych do pracy w tej bran\u017cy. ","cat_name":"Kariera","category_nicename":"kariera","category_parent":0}],"tag_info":false,"aioseo_head":"\n\t\t<!-- All in One SEO Pro 4.9.6.2 - aioseo.com -->\n\t<meta name=\"description\" content=\"Rozw\u00f3j zawodowy w IT: jak stale podnosi\u0107 swoje kompetencje? Dowiedz si\u0119, jak skutecznie kszta\u0142towa\u0107 swoj\u0105 \u015bcie\u017ck\u0119 kariery.\" \/>\n\t<meta name=\"robots\" content=\"max-image-preview:large\" \/>\n\t<meta name=\"author\" content=\"Karolina Konigsman\"\/>\n\t<link rel=\"canonical\" href=\"https:\/\/inteca.com\/pl\/blog\/kariera\/jak-ksztaltowac-rozwoj-osobisty-i-zawodowy-w-branzy-it\/\" \/>\n\t<meta name=\"generator\" content=\"All in One SEO Pro (AIOSEO) 4.9.6.2\" \/>\n\t\t<meta property=\"og:locale\" content=\"pl_PL\" \/>\n\t\t<meta property=\"og:site_name\" content=\"Inteca \u00bb IT&#039;s about business\" \/>\n\t\t<meta property=\"og:type\" content=\"article\" \/>\n\t\t<meta property=\"og:title\" content=\"Jak kszta\u0142towa\u0107 rozw\u00f3j osobisty i zawodowy w bran\u017cy IT?\" \/>\n\t\t<meta property=\"og:description\" content=\"Rozw\u00f3j zawodowy w IT: jak stale podnosi\u0107 swoje kompetencje? Dowiedz si\u0119, jak skutecznie kszta\u0142towa\u0107 swoj\u0105 \u015bcie\u017ck\u0119 kariery.\" \/>\n\t\t<meta property=\"og:url\" content=\"https:\/\/inteca.com\/pl\/blog\/kariera\/jak-ksztaltowac-rozwoj-osobisty-i-zawodowy-w-branzy-it\/\" \/>\n\t\t<meta property=\"og:image\" content=\"https:\/\/inteca.com\/wp-content\/uploads\/2022\/03\/Inteca_logo_CiemneTlo.png\" \/>\n\t\t<meta property=\"og:image:secure_url\" content=\"https:\/\/inteca.com\/wp-content\/uploads\/2022\/03\/Inteca_logo_CiemneTlo.png\" \/>\n\t\t<meta property=\"article:published_time\" content=\"2023-08-30T12:37:13+00:00\" \/>\n\t\t<meta property=\"article:modified_time\" content=\"2025-08-16T10:11:41+00:00\" \/>\n\t\t<meta name=\"twitter:card\" content=\"summary_large_image\" \/>\n\t\t<meta name=\"twitter:title\" content=\"Jak kszta\u0142towa\u0107 rozw\u00f3j osobisty i zawodowy w bran\u017cy IT?\" \/>\n\t\t<meta name=\"twitter:description\" content=\"Rozw\u00f3j zawodowy w IT: jak stale podnosi\u0107 swoje kompetencje? Dowiedz si\u0119, jak skutecznie kszta\u0142towa\u0107 swoj\u0105 \u015bcie\u017ck\u0119 kariery.\" \/>\n\t\t<meta name=\"twitter:image\" content=\"https:\/\/inteca.com\/wp-content\/uploads\/2022\/03\/Inteca_logo_CiemneTlo.png\" \/>\n\t\t<script type=\"application\/ld+json\" class=\"aioseo-schema\">\n\t\t\t{\"@context\":\"https:\\\/\\\/schema.org\",\"@graph\":[{\"@type\":\"BlogPosting\",\"@id\":\"https:\\\/\\\/inteca.com\\\/pl\\\/blog\\\/kariera\\\/jak-ksztaltowac-rozwoj-osobisty-i-zawodowy-w-branzy-it\\\/#blogposting\",\"name\":\"Jak kszta\\u0142towa\\u0107 rozw\\u00f3j osobisty i zawodowy w bran\\u017cy IT?\",\"headline\":\"Jak kszta\\u0142towa\\u0107 rozw\\u00f3j osobisty i zawodowy w bran\\u017cy IT?\",\"author\":{\"@id\":\"https:\\\/\\\/inteca.com\\\/pl\\\/blog\\\/author\\\/karolina-konigsman\\\/#author\"},\"publisher\":{\"@id\":\"https:\\\/\\\/inteca.com\\\/pl\\\/#organization\"},\"image\":{\"@type\":\"ImageObject\",\"url\":\"https:\\\/\\\/inteca.com\\\/wp-content\\\/uploads\\\/2022\\\/01\\\/Inteca_logo_pion_tagline_JasneTlo.png\",\"@id\":\"https:\\\/\\\/inteca.com\\\/pl\\\/#articleImage\",\"width\":288,\"height\":344},\"datePublished\":\"2023-08-30T14:37:13+02:00\",\"dateModified\":\"2025-08-16T12:11:41+02:00\",\"inLanguage\":\"pl-PL\",\"mainEntityOfPage\":{\"@id\":\"https:\\\/\\\/inteca.com\\\/pl\\\/blog\\\/kariera\\\/jak-ksztaltowac-rozwoj-osobisty-i-zawodowy-w-branzy-it\\\/#webpage\"},\"isPartOf\":{\"@id\":\"https:\\\/\\\/inteca.com\\\/pl\\\/blog\\\/kariera\\\/jak-ksztaltowac-rozwoj-osobisty-i-zawodowy-w-branzy-it\\\/#webpage\"},\"articleSection\":\"Kariera, Opcjonalne\"},{\"@type\":\"BreadcrumbList\",\"@id\":\"https:\\\/\\\/inteca.com\\\/pl\\\/blog\\\/kariera\\\/jak-ksztaltowac-rozwoj-osobisty-i-zawodowy-w-branzy-it\\\/#breadcrumblist\",\"itemListElement\":[{\"@type\":\"ListItem\",\"@id\":\"https:\\\/\\\/inteca.com\\\/pl\\\/#listItem\",\"position\":1,\"name\":\"Home\",\"item\":\"https:\\\/\\\/inteca.com\\\/pl\\\/\",\"nextItem\":{\"@type\":\"ListItem\",\"@id\":\"https:\\\/\\\/inteca.com\\\/pl\\\/blog\\\/category\\\/kariera\\\/#listItem\",\"name\":\"Kariera\"}},{\"@type\":\"ListItem\",\"@id\":\"https:\\\/\\\/inteca.com\\\/pl\\\/blog\\\/category\\\/kariera\\\/#listItem\",\"position\":2,\"name\":\"Kariera\",\"item\":\"https:\\\/\\\/inteca.com\\\/pl\\\/blog\\\/category\\\/kariera\\\/\",\"nextItem\":{\"@type\":\"ListItem\",\"@id\":\"https:\\\/\\\/inteca.com\\\/pl\\\/blog\\\/kariera\\\/jak-ksztaltowac-rozwoj-osobisty-i-zawodowy-w-branzy-it\\\/#listItem\",\"name\":\"Jak kszta\\u0142towa\\u0107 rozw\\u00f3j osobisty i zawodowy w bran\\u017cy IT?\"},\"previousItem\":{\"@type\":\"ListItem\",\"@id\":\"https:\\\/\\\/inteca.com\\\/pl\\\/#listItem\",\"name\":\"Home\"}},{\"@type\":\"ListItem\",\"@id\":\"https:\\\/\\\/inteca.com\\\/pl\\\/blog\\\/kariera\\\/jak-ksztaltowac-rozwoj-osobisty-i-zawodowy-w-branzy-it\\\/#listItem\",\"position\":3,\"name\":\"Jak kszta\\u0142towa\\u0107 rozw\\u00f3j osobisty i zawodowy w bran\\u017cy IT?\",\"previousItem\":{\"@type\":\"ListItem\",\"@id\":\"https:\\\/\\\/inteca.com\\\/pl\\\/blog\\\/category\\\/kariera\\\/#listItem\",\"name\":\"Kariera\"}}]},{\"@type\":\"Organization\",\"@id\":\"https:\\\/\\\/inteca.com\\\/pl\\\/#organization\",\"name\":\"Inteca Sp. z o.o.\",\"description\":\"Inteca is a specialized enterprise platform provider and Red Hat Advanced Partner. We design, implement, and operate mission-critical platforms based on Keycloak, Kafka, OpenShift, and Nuxeo enhanced with AI automation. We work in banking, insurance, and government sectors across the EU and the US.\",\"url\":\"https:\\\/\\\/inteca.com\\\/pl\\\/\",\"email\":\"contact@inteca.com\",\"telephone\":\"+48717156091\",\"foundingDate\":\"2011-04-01\",\"numberOfEmployees\":{\"@type\":\"QuantitativeValue\",\"value\":50},\"logo\":{\"@type\":\"ImageObject\",\"url\":\"https:\\\/\\\/inteca.com\\\/wp-content\\\/uploads\\\/2022\\\/01\\\/Inteca_logo_pion_tagline_JasneTlo.png\",\"@id\":\"https:\\\/\\\/inteca.com\\\/pl\\\/blog\\\/kariera\\\/jak-ksztaltowac-rozwoj-osobisty-i-zawodowy-w-branzy-it\\\/#organizationLogo\",\"width\":288,\"height\":344},\"image\":{\"@id\":\"https:\\\/\\\/inteca.com\\\/pl\\\/blog\\\/kariera\\\/jak-ksztaltowac-rozwoj-osobisty-i-zawodowy-w-branzy-it\\\/#organizationLogo\"},\"sameAs\":[\"https:\\\/\\\/pl.linkedin.com\\\/company\\\/inteca\"]},{\"@type\":\"Person\",\"@id\":\"https:\\\/\\\/inteca.com\\\/pl\\\/blog\\\/author\\\/karolina-konigsman\\\/#author\",\"url\":\"https:\\\/\\\/inteca.com\\\/pl\\\/blog\\\/author\\\/karolina-konigsman\\\/\",\"name\":\"Karolina Konigsman\",\"image\":{\"@type\":\"ImageObject\",\"url\":\"https:\\\/\\\/secure.gravatar.com\\\/avatar\\\/1e5bbc08d7fbbaba198261ed1b95ccdc3ec2327e7ddd13b488943a6982106a2d?s=96&d=blank&r=g\"}},{\"@type\":\"WebPage\",\"@id\":\"https:\\\/\\\/inteca.com\\\/pl\\\/blog\\\/kariera\\\/jak-ksztaltowac-rozwoj-osobisty-i-zawodowy-w-branzy-it\\\/#webpage\",\"url\":\"https:\\\/\\\/inteca.com\\\/pl\\\/blog\\\/kariera\\\/jak-ksztaltowac-rozwoj-osobisty-i-zawodowy-w-branzy-it\\\/\",\"name\":\"Jak kszta\\u0142towa\\u0107 rozw\\u00f3j osobisty i zawodowy w bran\\u017cy IT?\",\"description\":\"Rozw\\u00f3j zawodowy w IT: jak stale podnosi\\u0107 swoje kompetencje? Dowiedz si\\u0119, jak skutecznie kszta\\u0142towa\\u0107 swoj\\u0105 \\u015bcie\\u017ck\\u0119 kariery.\",\"inLanguage\":\"pl-PL\",\"isPartOf\":{\"@id\":\"https:\\\/\\\/inteca.com\\\/pl\\\/#website\"},\"breadcrumb\":{\"@id\":\"https:\\\/\\\/inteca.com\\\/pl\\\/blog\\\/kariera\\\/jak-ksztaltowac-rozwoj-osobisty-i-zawodowy-w-branzy-it\\\/#breadcrumblist\"},\"author\":{\"@id\":\"https:\\\/\\\/inteca.com\\\/pl\\\/blog\\\/author\\\/karolina-konigsman\\\/#author\"},\"creator\":{\"@id\":\"https:\\\/\\\/inteca.com\\\/pl\\\/blog\\\/author\\\/karolina-konigsman\\\/#author\"},\"datePublished\":\"2023-08-30T14:37:13+02:00\",\"dateModified\":\"2025-08-16T12:11:41+02:00\"},{\"@type\":\"WebSite\",\"@id\":\"https:\\\/\\\/inteca.com\\\/pl\\\/#website\",\"url\":\"https:\\\/\\\/inteca.com\\\/pl\\\/\",\"name\":\"Inteca\",\"alternateName\":\"Inteca\",\"description\":\"IT's about business\",\"inLanguage\":\"pl-PL\",\"publisher\":{\"@id\":\"https:\\\/\\\/inteca.com\\\/pl\\\/#organization\"}}]}\n\t\t<\/script>\n\t\t<!-- All in One SEO Pro -->\r\n\t\t<title>Jak kszta\u0142towa\u0107 rozw\u00f3j osobisty i zawodowy w bran\u017cy IT?<\/title>\n\n","aioseo_head_json":{"title":"Jak kszta\u0142towa\u0107 rozw\u00f3j osobisty i zawodowy w bran\u017cy IT?","description":"Rozw\u00f3j zawodowy w IT: jak stale podnosi\u0107 swoje kompetencje? Dowiedz si\u0119, jak skutecznie kszta\u0142towa\u0107 swoj\u0105 \u015bcie\u017ck\u0119 kariery.","canonical_url":"https:\/\/inteca.com\/pl\/blog\/kariera\/jak-ksztaltowac-rozwoj-osobisty-i-zawodowy-w-branzy-it\/","robots":"max-image-preview:large","keywords":"","webmasterTools":{"miscellaneous":""},"schema":{"@context":"https:\/\/schema.org","@graph":[{"@type":"BlogPosting","@id":"https:\/\/inteca.com\/pl\/blog\/kariera\/jak-ksztaltowac-rozwoj-osobisty-i-zawodowy-w-branzy-it\/#blogposting","name":"Jak kszta\u0142towa\u0107 rozw\u00f3j osobisty i zawodowy w bran\u017cy IT?","headline":"Jak kszta\u0142towa\u0107 rozw\u00f3j osobisty i zawodowy w bran\u017cy IT?","author":{"@id":"https:\/\/inteca.com\/pl\/blog\/author\/karolina-konigsman\/#author"},"publisher":{"@id":"https:\/\/inteca.com\/pl\/#organization"},"image":{"@type":"ImageObject","url":"https:\/\/inteca.com\/wp-content\/uploads\/2022\/01\/Inteca_logo_pion_tagline_JasneTlo.png","@id":"https:\/\/inteca.com\/pl\/#articleImage","width":288,"height":344},"datePublished":"2023-08-30T14:37:13+02:00","dateModified":"2025-08-16T12:11:41+02:00","inLanguage":"pl-PL","mainEntityOfPage":{"@id":"https:\/\/inteca.com\/pl\/blog\/kariera\/jak-ksztaltowac-rozwoj-osobisty-i-zawodowy-w-branzy-it\/#webpage"},"isPartOf":{"@id":"https:\/\/inteca.com\/pl\/blog\/kariera\/jak-ksztaltowac-rozwoj-osobisty-i-zawodowy-w-branzy-it\/#webpage"},"articleSection":"Kariera, Opcjonalne"},{"@type":"BreadcrumbList","@id":"https:\/\/inteca.com\/pl\/blog\/kariera\/jak-ksztaltowac-rozwoj-osobisty-i-zawodowy-w-branzy-it\/#breadcrumblist","itemListElement":[{"@type":"ListItem","@id":"https:\/\/inteca.com\/pl\/#listItem","position":1,"name":"Home","item":"https:\/\/inteca.com\/pl\/","nextItem":{"@type":"ListItem","@id":"https:\/\/inteca.com\/pl\/blog\/category\/kariera\/#listItem","name":"Kariera"}},{"@type":"ListItem","@id":"https:\/\/inteca.com\/pl\/blog\/category\/kariera\/#listItem","position":2,"name":"Kariera","item":"https:\/\/inteca.com\/pl\/blog\/category\/kariera\/","nextItem":{"@type":"ListItem","@id":"https:\/\/inteca.com\/pl\/blog\/kariera\/jak-ksztaltowac-rozwoj-osobisty-i-zawodowy-w-branzy-it\/#listItem","name":"Jak kszta\u0142towa\u0107 rozw\u00f3j osobisty i zawodowy w bran\u017cy IT?"},"previousItem":{"@type":"ListItem","@id":"https:\/\/inteca.com\/pl\/#listItem","name":"Home"}},{"@type":"ListItem","@id":"https:\/\/inteca.com\/pl\/blog\/kariera\/jak-ksztaltowac-rozwoj-osobisty-i-zawodowy-w-branzy-it\/#listItem","position":3,"name":"Jak kszta\u0142towa\u0107 rozw\u00f3j osobisty i zawodowy w bran\u017cy IT?","previousItem":{"@type":"ListItem","@id":"https:\/\/inteca.com\/pl\/blog\/category\/kariera\/#listItem","name":"Kariera"}}]},{"@type":"Organization","@id":"https:\/\/inteca.com\/pl\/#organization","name":"Inteca Sp. z o.o.","description":"Inteca is a specialized enterprise platform provider and Red Hat Advanced Partner. We design, implement, and operate mission-critical platforms based on Keycloak, Kafka, OpenShift, and Nuxeo enhanced with AI automation. We work in banking, insurance, and government sectors across the EU and the US.","url":"https:\/\/inteca.com\/pl\/","email":"contact@inteca.com","telephone":"+48717156091","foundingDate":"2011-04-01","numberOfEmployees":{"@type":"QuantitativeValue","value":50},"logo":{"@type":"ImageObject","url":"https:\/\/inteca.com\/wp-content\/uploads\/2022\/01\/Inteca_logo_pion_tagline_JasneTlo.png","@id":"https:\/\/inteca.com\/pl\/blog\/kariera\/jak-ksztaltowac-rozwoj-osobisty-i-zawodowy-w-branzy-it\/#organizationLogo","width":288,"height":344},"image":{"@id":"https:\/\/inteca.com\/pl\/blog\/kariera\/jak-ksztaltowac-rozwoj-osobisty-i-zawodowy-w-branzy-it\/#organizationLogo"},"sameAs":["https:\/\/pl.linkedin.com\/company\/inteca"]},{"@type":"Person","@id":"https:\/\/inteca.com\/pl\/blog\/author\/karolina-konigsman\/#author","url":"https:\/\/inteca.com\/pl\/blog\/author\/karolina-konigsman\/","name":"Karolina Konigsman","image":{"@type":"ImageObject","url":"https:\/\/secure.gravatar.com\/avatar\/1e5bbc08d7fbbaba198261ed1b95ccdc3ec2327e7ddd13b488943a6982106a2d?s=96&d=blank&r=g"}},{"@type":"WebPage","@id":"https:\/\/inteca.com\/pl\/blog\/kariera\/jak-ksztaltowac-rozwoj-osobisty-i-zawodowy-w-branzy-it\/#webpage","url":"https:\/\/inteca.com\/pl\/blog\/kariera\/jak-ksztaltowac-rozwoj-osobisty-i-zawodowy-w-branzy-it\/","name":"Jak kszta\u0142towa\u0107 rozw\u00f3j osobisty i zawodowy w bran\u017cy IT?","description":"Rozw\u00f3j zawodowy w IT: jak stale podnosi\u0107 swoje kompetencje? Dowiedz si\u0119, jak skutecznie kszta\u0142towa\u0107 swoj\u0105 \u015bcie\u017ck\u0119 kariery.","inLanguage":"pl-PL","isPartOf":{"@id":"https:\/\/inteca.com\/pl\/#website"},"breadcrumb":{"@id":"https:\/\/inteca.com\/pl\/blog\/kariera\/jak-ksztaltowac-rozwoj-osobisty-i-zawodowy-w-branzy-it\/#breadcrumblist"},"author":{"@id":"https:\/\/inteca.com\/pl\/blog\/author\/karolina-konigsman\/#author"},"creator":{"@id":"https:\/\/inteca.com\/pl\/blog\/author\/karolina-konigsman\/#author"},"datePublished":"2023-08-30T14:37:13+02:00","dateModified":"2025-08-16T12:11:41+02:00"},{"@type":"WebSite","@id":"https:\/\/inteca.com\/pl\/#website","url":"https:\/\/inteca.com\/pl\/","name":"Inteca","alternateName":"Inteca","description":"IT's about business","inLanguage":"pl-PL","publisher":{"@id":"https:\/\/inteca.com\/pl\/#organization"}}]},"og:locale":"pl_PL","og:site_name":"Inteca \u00bb IT's about business","og:type":"article","og:title":"Jak kszta\u0142towa\u0107 rozw\u00f3j osobisty i zawodowy w bran\u017cy IT?","og:description":"Rozw\u00f3j zawodowy w IT: jak stale podnosi\u0107 swoje kompetencje? Dowiedz si\u0119, jak skutecznie kszta\u0142towa\u0107 swoj\u0105 \u015bcie\u017ck\u0119 kariery.","og:url":"https:\/\/inteca.com\/pl\/blog\/kariera\/jak-ksztaltowac-rozwoj-osobisty-i-zawodowy-w-branzy-it\/","og:image":"https:\/\/inteca.com\/wp-content\/uploads\/2022\/03\/Inteca_logo_CiemneTlo.png","og:image:secure_url":"https:\/\/inteca.com\/wp-content\/uploads\/2022\/03\/Inteca_logo_CiemneTlo.png","article:published_time":"2023-08-30T12:37:13+00:00","article:modified_time":"2025-08-16T10:11:41+00:00","twitter:card":"summary_large_image","twitter:title":"Jak kszta\u0142towa\u0107 rozw\u00f3j osobisty i zawodowy w bran\u017cy IT?","twitter:description":"Rozw\u00f3j zawodowy w IT: jak stale podnosi\u0107 swoje kompetencje? Dowiedz si\u0119, jak skutecznie kszta\u0142towa\u0107 swoj\u0105 \u015bcie\u017ck\u0119 kariery.","twitter:image":"https:\/\/inteca.com\/wp-content\/uploads\/2022\/03\/Inteca_logo_CiemneTlo.png"},"aioseo_meta_data":{"post_id":"14540","title":"#post_title","description":"Rozw\u00f3j zawodowy w IT: jak stale podnosi\u0107 swoje kompetencje? Dowiedz si\u0119, jak skutecznie kszta\u0142towa\u0107 swoj\u0105 \u015bcie\u017ck\u0119 kariery.","keywords":null,"keyphrases":{"focus":{"keyphrase":"rozw\u00f3j","score":90,"analysis":{"keyphraseInTitle":{"score":9,"maxScore":9,"error":0},"keyphraseInDescription":{"score":9,"maxScore":9,"error":0},"keyphraseLength":{"score":9,"maxScore":9,"error":0,"length":2},"keyphraseInURL":{"score":5,"maxScore":5,"error":0},"keyphraseInIntroduction":{"score":9,"maxScore":9,"error":0},"keyphraseInSubHeadings":{"score":3,"maxScore":9,"error":1},"keyphraseInImageAlt":[],"keywordDensity":{"type":"best","score":9,"maxScore":9,"error":0}}},"additional":[]},"primary_term":null,"canonical_url":null,"og_title":null,"og_description":null,"og_object_type":"default","og_image_type":"default","og_image_url":null,"og_image_width":null,"og_image_height":null,"og_image_custom_url":null,"og_image_custom_fields":null,"og_video":"","og_custom_url":null,"og_article_section":null,"og_article_tags":null,"twitter_use_og":false,"twitter_card":"default","twitter_image_type":"default","twitter_image_url":null,"twitter_image_custom_url":null,"twitter_image_custom_fields":null,"twitter_title":null,"twitter_description":null,"schema":{"blockGraphs":[],"customGraphs":[],"default":{"data":{"Article":[],"Course":[],"Dataset":[],"FAQPage":[],"Movie":[],"Person":[],"Product":[],"ProductReview":[],"Car":[],"Recipe":[],"Service":[],"SoftwareApplication":[],"WebPage":[]},"graphName":"BlogPosting","isEnabled":true},"graphs":[]},"schema_type":"default","schema_type_options":null,"pillar_content":false,"robots_default":true,"robots_noindex":false,"robots_noarchive":false,"robots_nosnippet":false,"robots_nofollow":false,"robots_noimageindex":false,"robots_noodp":false,"robots_notranslate":false,"robots_max_snippet":"-1","robots_max_videopreview":"-1","robots_max_imagepreview":"large","priority":null,"frequency":"default","local_seo":null,"seo_analyzer_scan_date":"2025-08-16 10:12:36","breadcrumb_settings":null,"limit_modified_date":false,"reviewed_by":"0","open_ai":"{\"title\":{\"suggestions\":[],\"usage\":0},\"description\":{\"suggestions\":[\"Nawet w dynamicznym \\u015bwiecie IT, zaanga\\u017cowanie i odpowiednie narz\\u0119dzia mog? pom\\u00f3c Ci w budowaniu Twojej \\u015bcie\\u017cki kariery. Przeczytaj o kilku wskaz\\u00f3wkach, jak skutecznie zarz? dza\\u0107 swoim rozwojem zawodowym w bran\\u017cy IT.\",\"Rynek pracy w bran\\u017cy IT jest dynamiczny. Wiemy jak zdobywa\\u0107 nowe kompetencje i skutecznie kszta\\u0142towa\\u0107 rozw\\u00f3j zawodowy. Oto kilka praktycznych wskaz\\u00f3wek dotycz? cych budowania sieci kontakt\\u00f3w, aktywno\\u015bci w mediach spo\\u0142eczno\\u015bciowych, ucz\",\"Odkryj, jak skutecznie kszta\\u0142towa\\u0107 sw\\u00f3j rozw\\u00f3j zawodowy w bran\\u017cy IT. Dowiedz si\\u0119, jakie kompetencje s? niezb\\u0119dne do sukcesu, jak korzysta\\u0107 z certyfikacji i networkingu oraz jak wykorzysta\\u0107 technologie do wzmocnienia swojej pozycji\",\"Rozw\\u00f3j zawodowy w IT: jak stale podnosi\\u0107 swoje kompetencje? Dowiedz si\\u0119, jak skutecznie kszta\\u0142towa\\u0107 swoj? \\u015bcie\\u017ck\\u0119 kariery, od uczenia si\\u0119 nowych umiej\\u0119tno\\u015bci po budowanie trwa\\u0142ych relacji. Wskaz\\u00f3wki dla specjalist\\u00f3w IT i programist\",\"Zdobywaj nowe umiej\\u0119tno\\u015bci i kompetencje, aby skutecznie kierowa\\u0107 swoim rozwojem zawodowym w IT. Dowiedz si\\u0119 jak ugruntowa\\u0107 swoj? pozycj\\u0119 na rynku pracy, wykorzystuj? c praktyczne wskaz\\u00f3wki na temat mi\\u0119kkich umiej\\u0119tno\\u015bci i\"],\"usage\":3503}}","ai":{"faqs":[],"keyPoints":[],"titles":[],"descriptions":[],"socialPosts":{"email":[],"linkedin":[],"twitter":[],"facebook":[],"instagram":[]}},"created":"2023-08-30 12:31:00","updated":"2025-09-08 13:33:57"},"aioseo_breadcrumb":"<div class=\"aioseo-breadcrumbs\"><span class=\"aioseo-breadcrumb\">\n\t<a href=\"https:\/\/inteca.com\/pl\/\" title=\"Home\">Home<\/a>\n<\/span><span class=\"aioseo-breadcrumb-separator\">\u00bb<\/span><span class=\"aioseo-breadcrumb\">\n\t<a href=\"https:\/\/inteca.com\/pl\/blog\/category\/kariera\/\" title=\"Kariera\">Kariera<\/a>\n<\/span><span class=\"aioseo-breadcrumb-separator\">\u00bb<\/span><span class=\"aioseo-breadcrumb\">\n\tJak kszta\u0142towa\u0107 rozw\u00f3j osobisty i zawodowy w bran\u017cy IT?\n<\/span><\/div>","aioseo_breadcrumb_json":[{"label":"Home","link":"https:\/\/inteca.com\/pl\/"},{"label":"Kariera","link":"https:\/\/inteca.com\/pl\/blog\/category\/kariera\/"},{"label":"Jak kszta\u0142towa\u0107 rozw\u00f3j osobisty i zawodowy w bran\u017cy IT?","link":"https:\/\/inteca.com\/pl\/blog\/kariera\/jak-ksztaltowac-rozwoj-osobisty-i-zawodowy-w-branzy-it\/"}],"_links":{"self":[{"href":"https:\/\/inteca.com\/pl\/wp-json\/wp\/v2\/posts\/14540","targetHints":{"allow":["GET"]}}],"collection":[{"href":"https:\/\/inteca.com\/pl\/wp-json\/wp\/v2\/posts"}],"about":[{"href":"https:\/\/inteca.com\/pl\/wp-json\/wp\/v2\/types\/post"}],"author":[{"embeddable":true,"href":"https:\/\/inteca.com\/pl\/wp-json\/wp\/v2\/users\/17"}],"replies":[{"embeddable":true,"href":"https:\/\/inteca.com\/pl\/wp-json\/wp\/v2\/comments?post=14540"}],"version-history":[{"count":0,"href":"https:\/\/inteca.com\/pl\/wp-json\/wp\/v2\/posts\/14540\/revisions"}],"wp:attachment":[{"href":"https:\/\/inteca.com\/pl\/wp-json\/wp\/v2\/media?parent=14540"}],"wp:term":[{"taxonomy":"category","embeddable":true,"href":"https:\/\/inteca.com\/pl\/wp-json\/wp\/v2\/categories?post=14540"},{"taxonomy":"post_tag","embeddable":true,"href":"https:\/\/inteca.com\/pl\/wp-json\/wp\/v2\/tags?post=14540"},{"taxonomy":"post_folder","embeddable":true,"href":"https:\/\/inteca.com\/pl\/wp-json\/wp\/v2\/post_folder?post=14540"}],"curies":[{"name":"wp","href":"https:\/\/api.w.org\/{rel}","templated":true}]}}